{"id":425,"date":"2022-07-06T21:24:04","date_gmt":"2022-07-06T21:24:04","guid":{"rendered":"https:\/?p=425"},"modified":"2026-04-23T20:20:49","modified_gmt":"2026-04-23T20:20:49","slug":"equipo-la-ensenada-2022","status":"publish","type":"post","link":"https:\/\/laensenadapolo.com\/en\/equipo-la-ensenada-2022\/","title":{"rendered":"Equipo La Ensenada 2022"},"content":{"rendered":"<p>Desde sus inicios, el equipo fue creciendo y mutando hasta alcanzar un verdadero hito: ser la formaci\u00f3n m\u00e1s joven en clasificar al Abierto.<\/p>\n\n\n\n<p>Este logro no fue casualidad sino fruto del trabajo de los jugadores, petiseros, domadores, cient\u00edficos, parqueros, entrenadores, porteros, pilotos, tractoristas, colaboradores, amigos, socios y muchas personas m\u00e1s que sienten y llevan la camiseta con una mentalidad ganadora. La Ensenada participa hace 4 a\u00f1os en la Triple Corona, lo que nos da much\u00edsima alegr\u00eda y orgullo y, a su vez, una enorme responsabilidad que compartimos todos los que hacemos la organizaci\u00f3n: la excelencia en lo que hacemos y la proyecci\u00f3n hacia el futuro de un polo mejor y sustentable.<\/p>\n\n\n\n<p><\/p>\n\n\n\n<p><\/p>\n\n\n\n<p><\/p>\n\n\n\n<div style=\"height:62px\" aria-hidden=\"true\" class=\"wp-block-spacer\"><\/div>\n\n\n\n<div class=\"wp-block-media-text alignfull is-stacked-on-mobile is-vertically-aligned-center has-white-background-color has-background\" style=\"grid-template-columns:33% auto\"><figure class=\"wp-block-media-text__media\"><img loading=\"lazy\" decoding=\"async\" width=\"636\" height=\"900\" src=\"https:\/\/laensenadapolo.com\/wp-content\/uploads\/2022\/07\/Facundo-Sola.jpg\" alt=\"\" class=\"wp-image-427 size-full\" srcset=\"https:\/\/laensenadapolo.com\/wp-content\/uploads\/2022\/07\/Facundo-Sola.jpg 636w, https:\/\/laensenadapolo.com\/wp-content\/uploads\/2022\/07\/Facundo-Sola-480x679.jpg 480w\" sizes=\"(min-width: 0px) and (max-width: 480px) 480px, (min-width: 481px) 636px, 100vw\" \/><\/figure><div class=\"wp-block-media-text__content\">\n<h2 class=\"has-text-align-right has-large-font-size wp-block-heading\"><strong>Facundo Sola<\/strong><\/h2>\n\n\n\n<p class=\"has-text-align-right has-white-background-color has-background\">HANDICAP 8<br>23 Noviembre 1989<br>9 abiertos de Argentina<br>Dubai Gold Cup x2<br>Dubai Silver Cup<br>Queen\u00b4s Cup<br>Copa C\u00e1mara de Diputados<br>USPA Gold Cup<br>French Open<\/p>\n<\/div><\/div>\n\n\n\n<div class=\"wp-block-media-text alignfull has-media-on-the-right is-stacked-on-mobile is-vertically-aligned-center\" style=\"grid-template-columns:auto 33%\"><figure class=\"wp-block-media-text__media\"><img loading=\"lazy\" decoding=\"async\" width=\"636\" height=\"900\" src=\"https:\/\/laensenadapolo.com\/wp-content\/uploads\/2022\/07\/Alfredo-Bigatti.jpg\" alt=\"\" class=\"wp-image-426 size-full\" srcset=\"https:\/\/laensenadapolo.com\/wp-content\/uploads\/2022\/07\/Alfredo-Bigatti.jpg 636w, https:\/\/laensenadapolo.com\/wp-content\/uploads\/2022\/07\/Alfredo-Bigatti-480x679.jpg 480w\" sizes=\"(min-width: 0px) and (max-width: 480px) 480px, (min-width: 481px) 636px, 100vw\" \/><\/figure><div class=\"wp-block-media-text__content\">\n<h2 class=\"has-large-font-size wp-block-heading\"><strong>Alfredo Bigatti<\/strong><\/h2>\n\n\n\n<p>HANDICAP 9<br>29 Julio 1991<br>5 abiertos de Argentina<br>Copa los Potrillitos<br>Copa los Potrillos<br>Argentino abierto juvenil<br>Metro alto handicap<br>Triple corona americana<br>Queen&#8217;s Cup y Gold Cup<br>Abierto del Jockey Club<\/p>\n<\/div><\/div>\n\n\n\n<div class=\"wp-block-media-text alignfull is-stacked-on-mobile is-vertically-aligned-center\" style=\"grid-template-columns:33% auto\"><figure class=\"wp-block-media-text__media\"><img loading=\"lazy\" decoding=\"async\" width=\"636\" height=\"900\" src=\"https:\/\/laensenadapolo.com\/wp-content\/uploads\/2022\/07\/Guillermo-Caset.jpg\" alt=\"\" class=\"wp-image-428 size-full\" srcset=\"https:\/\/laensenadapolo.com\/wp-content\/uploads\/2022\/07\/Guillermo-Caset.jpg 636w, https:\/\/laensenadapolo.com\/wp-content\/uploads\/2022\/07\/Guillermo-Caset-480x679.jpg 480w\" sizes=\"(min-width: 0px) and (max-width: 480px) 480px, (min-width: 481px) 636px, 100vw\" \/><\/figure><div class=\"wp-block-media-text__content\">\n<h2 class=\"has-text-align-right has-large-font-size wp-block-heading\"><strong>Guillermo Caset<\/strong><\/h2>\n\n\n\n<p class=\"has-text-align-right\">HANDICAP 10<br>23 noviembre 1985<br>16 abiertos de Argentina<br>US Open<br>USPA Gold Cup x3<br>CV Whitney Cup x2<br>Pacific Coast Open<br>USPA Silver Cup<br>Ellerstina Gold Cup<br>Deauville Gold Cup<br>Joe Barry Memorial x2<\/p>\n<\/div><\/div>\n\n\n\n<div class=\"wp-block-media-text alignfull has-media-on-the-right is-stacked-on-mobile is-vertically-aligned-center\" style=\"grid-template-columns:auto 33%\"><figure class=\"wp-block-media-text__media\"><img loading=\"lazy\" decoding=\"async\" width=\"636\" height=\"900\" src=\"https:\/\/laensenadapolo.com\/wp-content\/uploads\/2022\/07\/Jeronimo-del-Carril.jpg\" alt=\"\" class=\"wp-image-429 size-full\" srcset=\"https:\/\/laensenadapolo.com\/wp-content\/uploads\/2022\/07\/Jeronimo-del-Carril.jpg 636w, https:\/\/laensenadapolo.com\/wp-content\/uploads\/2022\/07\/Jeronimo-del-Carril-480x679.jpg 480w\" sizes=\"(min-width: 0px) and (max-width: 480px) 480px, (min-width: 481px) 636px, 100vw\" \/><\/figure><div class=\"wp-block-media-text__content\">\n<h2 class=\"has-large-font-size wp-block-heading\"><strong>Jer\u00f3nimo del Carril<\/strong><\/h2>\n\n\n\n<p>HANDICAP 8<br>29 septiembre 1997<br>4 abiertos de Argentina<br>Copa C\u00e1mara de Diputados<br>Copa de Plata y Oro Dubai<br>Copa de la Reina UK<br>Copa de Oro UK<br>Open de France<br>World Polo League Palm Beach<\/p>\n<\/div><\/div>","protected":false},"excerpt":{"rendered":"<p>Desde sus inicios, el equipo fue creciendo y mutando hasta alcanzar un verdadero hito: ser la formaci\u00f3n m\u00e1s joven en clasificar al Abierto. Este logro no fue casualidad sino fruto del trabajo de los jugadores, petiseros, domadores, cient\u00edficos, parqueros, entrenadores, porteros, pilotos, tractoristas, colaboradores, amigos, socios y muchas personas m\u00e1s que sienten y llevan la [&hellip;]<\/p>\n","protected":false},"author":3,"featured_media":471,"comment_status":"closed","ping_status":"open","sticky":false,"template":"","format":"standard","meta":{"_acf_changed":false,"_et_pb_use_builder":"off","_et_pb_old_content":"","_et_gb_content_width":"","footnotes":""},"categories":[1],"tags":[],"dipi_cpt_category":[],"class_list":["post-425","post","type-post","status-publish","format-standard","has-post-thumbnail","hentry","category-uncategorized"],"acf":[],"_links":{"self":[{"href":"https:\/\/laensenadapolo.com\/en\/wp-json\/wp\/v2\/posts\/425","targetHints":{"allow":["GET"]}}],"collection":[{"href":"https:\/\/laensenadapolo.com\/en\/wp-json\/wp\/v2\/posts"}],"about":[{"href":"https:\/\/laensenadapolo.com\/en\/wp-json\/wp\/v2\/types\/post"}],"author":[{"embeddable":true,"href":"https:\/\/laensenadapolo.com\/en\/wp-json\/wp\/v2\/users\/3"}],"replies":[{"embeddable":true,"href":"https:\/\/laensenadapolo.com\/en\/wp-json\/wp\/v2\/comments?post=425"}],"version-history":[{"count":5,"href":"https:\/\/laensenadapolo.com\/en\/wp-json\/wp\/v2\/posts\/425\/revisions"}],"predecessor-version":[{"id":619,"href":"https:\/\/laensenadapolo.com\/en\/wp-json\/wp\/v2\/posts\/425\/revisions\/619"}],"wp:featuredmedia":[{"embeddable":true,"href":"https:\/\/laensenadapolo.com\/en\/wp-json\/wp\/v2\/media\/471"}],"wp:attachment":[{"href":"https:\/\/laensenadapolo.com\/en\/wp-json\/wp\/v2\/media?parent=425"}],"wp:term":[{"taxonomy":"category","embeddable":true,"href":"https:\/\/laensenadapolo.com\/en\/wp-json\/wp\/v2\/categories?post=425"},{"taxonomy":"post_tag","embeddable":true,"href":"https:\/\/laensenadapolo.com\/en\/wp-json\/wp\/v2\/tags?post=425"},{"taxonomy":"dipi_cpt_category","embeddable":true,"href":"https:\/\/laensenadapolo.com\/en\/wp-json\/wp\/v2\/dipi_cpt_category?post=425"}],"curies":[{"name":"wp","href":"https:\/\/api.w.org\/{rel}","templated":true}]}}